{"id":13403,"date":"2015-01-16T13:12:49","date_gmt":"2015-01-16T12:12:49","guid":{"rendered":"https:\/\/nomadaviatges.develmedia.es\/cens-hivernal-docells-aquatics-al-delta-de-lebre2015\/"},"modified":"2015-01-16T13:12:49","modified_gmt":"2015-01-16T12:12:49","slug":"cens-hivernal-docells-aquatics-al-delta-de-lebre2015","status":"publish","type":"post","link":"https:\/\/nomadaviatges.com\/es\/cens-hivernal-docells-aquatics-al-delta-de-lebre2015\/","title":{"rendered":"Cens hivernal d&#8217;ocells aqu\u00e0tics al delta de l&#8217;Ebre,2015"},"content":{"rendered":"<p>El cens hivernal es realitza des del dia \u00a07 de gener fins al 21, amb la participaci\u00f3\u00a0 de 40 persones (t\u00e8cnics del parc, agents del Cos d&#8217;Agents Rurals i voluntaris). Comporta un treball amb molta organitzaci\u00f3 per la gran varietat d&#8217;ocells i la extensa superf\u00edcie d&#8217;habitats (arrossars, llacunes, riu, salines, badies i aiguamolls).<\/p>\n<p>Pels matins a partir de les 8:00 h. fins a les 14:00 h. es distribueix el personal pels diferents sectors del Delta. Per la tarda es va als ajocadors (un total de 20) per fer el recompte de Corbs marins (Phalacrocorax carbo), Martinets blancs (Egretta garzetta), Martinets de nit ( Nyctticorax nycticorax)i Arpelles vulgars (Circus aeruginosus).<\/p>\n<p>Posteriorment el responsable de l&#8217;\u00c0rea de Protecci\u00f3 i Recerca del PNDE el Sr. Antoni Curc\u00f3 elabora la base de dades i la nota de premsa publicant els resultats. L&#8217;any 2.014 es van comptabilitzar 315.343 ocells aqu\u00e0tics que, segons el PNDE <em>&#8220;ha assolit enguany el m\u00e0xim del registre hist\u00f2ric, iniciat el 1972, i se situa gaireb\u00e9 un 30% per sobre de la mitjana dels darrers 10 anys&#8221;.<\/em><\/p>\n<p>&nbsp;<\/p>\n<p>&nbsp;<\/p>\n<p>&nbsp;<\/p>","protected":false},"excerpt":{"rendered":"<p>El cens hivernal es realitza des del dia \u00a07 de gener fins al 21, amb la participaci\u00f3\u00a0 de 40 persones<\/p>","protected":false},"author":2,"featured_media":9333,"comment_status":"open","ping_status":"closed","sticky":false,"template":"","format":"standard","meta":{"_acf_changed":false,"inline_featured_image":false,"ngg_post_thumbnail":0,"footnotes":""},"categories":[90],"tags":[91,92],"class_list":["post-13403","post","type-post","status-publish","format-standard","has-post-thumbnail","hentry","category-ornitologia","tag-ornitologia-de-catalunya","tag-parc-natural-del-delta-de-lebre"],"acf":[],"_links":{"self":[{"href":"https:\/\/nomadaviatges.com\/es\/wp-json\/wp\/v2\/posts\/13403","targetHints":{"allow":["GET"]}}],"collection":[{"href":"https:\/\/nomadaviatges.com\/es\/wp-json\/wp\/v2\/posts"}],"about":[{"href":"https:\/\/nomadaviatges.com\/es\/wp-json\/wp\/v2\/types\/post"}],"author":[{"embeddable":true,"href":"https:\/\/nomadaviatges.com\/es\/wp-json\/wp\/v2\/users\/2"}],"replies":[{"embeddable":true,"href":"https:\/\/nomadaviatges.com\/es\/wp-json\/wp\/v2\/comments?post=13403"}],"version-history":[{"count":0,"href":"https:\/\/nomadaviatges.com\/es\/wp-json\/wp\/v2\/posts\/13403\/revisions"}],"wp:featuredmedia":[{"embeddable":true,"href":"https:\/\/nomadaviatges.com\/es\/wp-json\/wp\/v2\/media\/9333"}],"wp:attachment":[{"href":"https:\/\/nomadaviatges.com\/es\/wp-json\/wp\/v2\/media?parent=13403"}],"wp:term":[{"taxonomy":"category","embeddable":true,"href":"https:\/\/nomadaviatges.com\/es\/wp-json\/wp\/v2\/categories?post=13403"},{"taxonomy":"post_tag","embeddable":true,"href":"https:\/\/nomadaviatges.com\/es\/wp-json\/wp\/v2\/tags?post=13403"}],"curies":[{"name":"wp","href":"https:\/\/api.w.org\/{rel}","templated":true}]}}