{"id":13641,"date":"2015-11-13T11:49:25","date_gmt":"2015-11-13T10:49:25","guid":{"rendered":"https:\/\/nomadaviatges.develmedia.es\/espais-unics-un-punt-de-vista-molt-suggeridor\/"},"modified":"2015-11-13T11:49:25","modified_gmt":"2015-11-13T10:49:25","slug":"espais-unics-un-punt-de-vista-molt-suggeridor","status":"publish","type":"post","link":"https:\/\/nomadaviatges.com\/es\/espais-unics-un-punt-de-vista-molt-suggeridor\/","title":{"rendered":"ESPAIS \u00daNICS, un punt de vista molt suggeridor."},"content":{"rendered":"<p>Estrenem nou apartat al Web: &#8220;Espais \u00fanics&#8221;!<\/p>\n<p>Us anirem oferim una selecci\u00f3n de v\u00eddeos on descobrirem en l&#8217;espai i el temps els &#8220;Espais \u00fanics&#8221; de les Terres de l&#8217;Ebre.<\/p>\n<p>Compartirem imatges, m\u00fasica , sons i silencis que emocionen; descobrirem racons del territorio des d&#8217;un punt de vista molt particular i sugeridor.<\/p>\n<p>La poes\u00eda del paisatge:<\/p>\n<p><em>&#8220;Lo Delta de matinada&#8221;<\/em><\/p>\n<p><em>Quan a peu pla un horitz\u00f3 circular t&#8217;envolta, i els ocells arran de terra fan solcs invisibles dins la teva mirada&#8230;<\/em><\/p>\n<p><em>Quan el cel omple tres quarts de l&#8217;espai que creues, i una espiga, quan t&#8217;ajups, \u00e9s m\u00e9s alta que el n\u00favol m\u00e9s alt&#8230;<\/em><\/p>\n<p><em>Quan de matinada , anunciant vent, tot \u00e9s de color malva i la terra i l&#8217;aigua es confonen&#8230;<\/em><\/p>\n<p><em>\u00e9s que ja has arribat al Delta de l&#8217;Ebre.<\/em><\/p>\n<p>&nbsp;<\/p>\n<p>&nbsp;<\/p>","protected":false},"excerpt":{"rendered":"<p>Estrenem nou apartat al Web: &#8220;Espais \u00fanics&#8221;! Us anirem oferim una selecci\u00f3n de v\u00eddeos on descobrirem en l&#8217;espai i el<\/p>","protected":false},"author":2,"featured_media":9809,"comment_status":"open","ping_status":"closed","sticky":false,"template":"","format":"standard","meta":{"_acf_changed":false,"inline_featured_image":false,"ngg_post_thumbnail":0,"footnotes":""},"categories":[119],"tags":[],"class_list":["post-13641","post","type-post","status-publish","format-standard","has-post-thumbnail","hentry","category-sin-categoria"],"acf":[],"_links":{"self":[{"href":"https:\/\/nomadaviatges.com\/es\/wp-json\/wp\/v2\/posts\/13641","targetHints":{"allow":["GET"]}}],"collection":[{"href":"https:\/\/nomadaviatges.com\/es\/wp-json\/wp\/v2\/posts"}],"about":[{"href":"https:\/\/nomadaviatges.com\/es\/wp-json\/wp\/v2\/types\/post"}],"author":[{"embeddable":true,"href":"https:\/\/nomadaviatges.com\/es\/wp-json\/wp\/v2\/users\/2"}],"replies":[{"embeddable":true,"href":"https:\/\/nomadaviatges.com\/es\/wp-json\/wp\/v2\/comments?post=13641"}],"version-history":[{"count":0,"href":"https:\/\/nomadaviatges.com\/es\/wp-json\/wp\/v2\/posts\/13641\/revisions"}],"wp:featuredmedia":[{"embeddable":true,"href":"https:\/\/nomadaviatges.com\/es\/wp-json\/wp\/v2\/media\/9809"}],"wp:attachment":[{"href":"https:\/\/nomadaviatges.com\/es\/wp-json\/wp\/v2\/media?parent=13641"}],"wp:term":[{"taxonomy":"category","embeddable":true,"href":"https:\/\/nomadaviatges.com\/es\/wp-json\/wp\/v2\/categories?post=13641"},{"taxonomy":"post_tag","embeddable":true,"href":"https:\/\/nomadaviatges.com\/es\/wp-json\/wp\/v2\/tags?post=13641"}],"curies":[{"name":"wp","href":"https:\/\/api.w.org\/{rel}","templated":true}]}}