{"id":13692,"date":"2016-05-24T10:30:04","date_gmt":"2016-05-24T08:30:04","guid":{"rendered":"https:\/\/nomadaviatges.develmedia.es\/nomada-viatges-presents-mescla\/"},"modified":"2016-05-24T10:30:04","modified_gmt":"2016-05-24T08:30:04","slug":"nomada-viatges-presents-mescla","status":"publish","type":"post","link":"https:\/\/nomadaviatges.com\/es\/nomada-viatges-presents-mescla\/","title":{"rendered":"N\u00f2mada Viatges presents a MESCLA"},"content":{"rendered":"<p><span style=\"font-size: 12pt;\">Aquest cap de setmana, del dia 20 fins el 23, N\u00f2mada Viatges i L\u2019Escola del Parc, hem estat presents a MESCLA, la primera Fira de gastronomia de les Terres de l\u2019Ebre, a la poblaci\u00f3 de Deltebre. On els diferents agents tant p\u00fablics com privats, hem posat l\u2019extraordinari i ric Paisatge natural i cultural, d\u2019aquesta zona i mitjan\u00e7ant activitats tur\u00edstiques i la seva cuina, al plat dels turistes que ens han visitat.<\/span><\/p>\n<p><span style=\"font-size: 12pt;\">N\u00f2mada Viatges vol agra\u00efr a tota la gent que ens ha visitat durants aquests dies, i empla\u00e7ar-los per a l&#8217;any vinent. Us deixem amb un breu recull d&#8217;imatges en format de v\u00eddeo.<\/span><\/p>\n<p><iframe src=\"https:\/\/www.youtube.com\/embed\/R-kM2riF6ZE\" width=\"560\" height=\"315\" frameborder=\"0\" allowfullscreen=\"allowfullscreen\"><\/iframe><\/p>","protected":false},"excerpt":{"rendered":"<p>Aquest cap de setmana, del dia 20 fins el 23, N\u00f2mada Viatges i L\u2019Escola del Parc, hem estat presents a<\/p>","protected":false},"author":2,"featured_media":13683,"comment_status":"open","ping_status":"closed","sticky":false,"template":"","format":"standard","meta":{"_acf_changed":false,"inline_featured_image":false,"ngg_post_thumbnail":0,"footnotes":""},"categories":[97],"tags":[],"class_list":["post-13692","post","type-post","status-publish","format-standard","has-post-thumbnail","hentry","category-activitats"],"acf":[],"_links":{"self":[{"href":"https:\/\/nomadaviatges.com\/es\/wp-json\/wp\/v2\/posts\/13692","targetHints":{"allow":["GET"]}}],"collection":[{"href":"https:\/\/nomadaviatges.com\/es\/wp-json\/wp\/v2\/posts"}],"about":[{"href":"https:\/\/nomadaviatges.com\/es\/wp-json\/wp\/v2\/types\/post"}],"author":[{"embeddable":true,"href":"https:\/\/nomadaviatges.com\/es\/wp-json\/wp\/v2\/users\/2"}],"replies":[{"embeddable":true,"href":"https:\/\/nomadaviatges.com\/es\/wp-json\/wp\/v2\/comments?post=13692"}],"version-history":[{"count":0,"href":"https:\/\/nomadaviatges.com\/es\/wp-json\/wp\/v2\/posts\/13692\/revisions"}],"wp:featuredmedia":[{"embeddable":true,"href":"https:\/\/nomadaviatges.com\/es\/wp-json\/wp\/v2\/media\/13683"}],"wp:attachment":[{"href":"https:\/\/nomadaviatges.com\/es\/wp-json\/wp\/v2\/media?parent=13692"}],"wp:term":[{"taxonomy":"category","embeddable":true,"href":"https:\/\/nomadaviatges.com\/es\/wp-json\/wp\/v2\/categories?post=13692"},{"taxonomy":"post_tag","embeddable":true,"href":"https:\/\/nomadaviatges.com\/es\/wp-json\/wp\/v2\/tags?post=13692"}],"curies":[{"name":"wp","href":"https:\/\/api.w.org\/{rel}","templated":true}]}}