{"id":13717,"date":"2016-11-09T16:11:06","date_gmt":"2016-11-09T15:11:06","guid":{"rendered":"https:\/\/nomadaviatges.develmedia.es\/jornada-ecoturisme-prat-compte\/"},"modified":"2016-11-09T16:11:06","modified_gmt":"2016-11-09T15:11:06","slug":"jornada-ecoturisme-prat-compte","status":"publish","type":"post","link":"https:\/\/nomadaviatges.com\/es\/jornada-ecoturisme-prat-compte\/","title":{"rendered":"Jornada Ecoturisme Prat de Compte"},"content":{"rendered":"<p style=\"text-align: justify;\"><span style=\"font-size: 12pt;\">Ahir 8 de novembre, L\u2019Escola del Parc i N\u00f2mada Viatges, varem ser-hi convidats al centre de visitants que el Parc Natural dels Ports te a Prat de Comte, en una sessi\u00f3 on vam explicar breument, al nombr\u00f3s&nbsp; p\u00fablic professional en el m\u00f3n de l\u2019ecoturisme, all\u00ed present, la nostra empresa i una de les seues experi\u00e8ncies en producte ecotur\u00edstic escolar. Concretament la exposici\u00f3 va ser sobre el viatge combinat \u201c<strong><em>Viu l\u2019Experi\u00e8ncia dels Paisatges de les Terres de l\u2019Ebre<\/em><\/strong>\u201d, que realitzem amb escolars de secund\u00e0ria d\u2019origen franc\u00e8s, i que els permet gaudir, con\u00e8ixer i viure les Terres de l\u2019Ebre i molt particularment els seus dos parcs naturals, el del Delta de l\u2019Ebre i el dels Ports.<\/span><\/p>\n<p style=\"text-align: justify;\"><span style=\"font-size: 12pt;\">La Jornada es titulava \u201c<strong>Com informar dels actius ecotur\u00edstics als parcs naturals dels Ports i del Delta de l\u2019Ebre<\/strong>\u201d i que s\u2019emmarca dintre del Pla Anual 2016 de Transfer\u00e8ncia Tecnol\u00f2gica, impulsat pel Departament d\u2019Agricultura, Ramaderia, Pesca i Alimentaci\u00f3<\/span><\/p>","protected":false},"excerpt":{"rendered":"<p>Ahir 8 de novembre, L\u2019Escola del Parc i N\u00f2mada Viatges, varem ser-hi convidats al centre de visitants que el Parc<\/p>","protected":false},"author":2,"featured_media":9912,"comment_status":"open","ping_status":"closed","sticky":false,"template":"","format":"standard","meta":{"_acf_changed":false,"inline_featured_image":false,"ngg_post_thumbnail":0,"footnotes":""},"categories":[97,98],"tags":[],"class_list":["post-13717","post","type-post","status-publish","format-standard","has-post-thumbnail","hentry","category-activitats","category-noticies"],"acf":[],"_links":{"self":[{"href":"https:\/\/nomadaviatges.com\/es\/wp-json\/wp\/v2\/posts\/13717","targetHints":{"allow":["GET"]}}],"collection":[{"href":"https:\/\/nomadaviatges.com\/es\/wp-json\/wp\/v2\/posts"}],"about":[{"href":"https:\/\/nomadaviatges.com\/es\/wp-json\/wp\/v2\/types\/post"}],"author":[{"embeddable":true,"href":"https:\/\/nomadaviatges.com\/es\/wp-json\/wp\/v2\/users\/2"}],"replies":[{"embeddable":true,"href":"https:\/\/nomadaviatges.com\/es\/wp-json\/wp\/v2\/comments?post=13717"}],"version-history":[{"count":0,"href":"https:\/\/nomadaviatges.com\/es\/wp-json\/wp\/v2\/posts\/13717\/revisions"}],"wp:featuredmedia":[{"embeddable":true,"href":"https:\/\/nomadaviatges.com\/es\/wp-json\/wp\/v2\/media\/9912"}],"wp:attachment":[{"href":"https:\/\/nomadaviatges.com\/es\/wp-json\/wp\/v2\/media?parent=13717"}],"wp:term":[{"taxonomy":"category","embeddable":true,"href":"https:\/\/nomadaviatges.com\/es\/wp-json\/wp\/v2\/categories?post=13717"},{"taxonomy":"post_tag","embeddable":true,"href":"https:\/\/nomadaviatges.com\/es\/wp-json\/wp\/v2\/tags?post=13717"}],"curies":[{"name":"wp","href":"https:\/\/api.w.org\/{rel}","templated":true}]}}