{"id":13744,"date":"2017-01-12T10:20:42","date_gmt":"2017-01-12T09:20:42","guid":{"rendered":"https:\/\/nomadaviatges.develmedia.es\/universitat-de-goteborg\/"},"modified":"2017-01-12T10:20:42","modified_gmt":"2017-01-12T09:20:42","slug":"universitat-de-goteborg","status":"publish","type":"post","link":"https:\/\/nomadaviatges.com\/es\/universitat-de-goteborg\/","title":{"rendered":"Universitat de G\u00f6teborg"},"content":{"rendered":"<p><span style=\"font-size: 12pt;\">El passat mes de Desembre, el nostre guia David va acompanyar a un encantador grup d\u2019estudiants de Geografia de la Universitat de G\u00f6teborg (Su\u00e8cia) per pujar al cim de la Foradada.<\/span><\/p>\n<p>&nbsp;<\/p>\n<p><span style=\"font-size: 12pt;\">\u201cEntre mig de carrasques i de m\u00e0quia\u2026,\u201d<\/span><\/p>\n<p><span style=\"font-size: 12pt;\">\u201centre mig de l\u2019obaga i la solana&#8230;,\u201d<\/span><\/p>\n<p><span style=\"font-size: 12pt;\">\u201cel cim de la foradada ens apuntava.\u201d<\/span><\/p>\n<p>&nbsp;<\/p>\n<p><span style=\"font-size: 12pt;\">L\u2019itinerari els va oferir un gran riquesa tant de valor etnogr\u00e0fic com natural. Tant hi van trobar un forn de cal\u00e7, com un magn\u00edfic brollador d\u2019aigua (Font del Burgar), aix\u00ed com les ru\u00efnes de l\u2019antiga masia de Mata-Rodona.<\/span><\/p>\n<p>&nbsp;<\/p>\n<p><span style=\"font-size: 12pt;\">Finalment, el grup arrib\u00e0 al cim de la Foradada. La panor\u00e0mica que els va oferir l\u2019 indret va ser excel\u00b7lent ja que des del cim van poder veure des del Castell d\u2019Ulldecona, fins la Punta de la Banya, passant per la Serra de Godall, els Ports de Tortosa-Beseit, La Serra del Boix-Card\u00f3, aix\u00ed com l\u2019espectacular vista del Riu Ebre i el seu grandi\u00f3s Delta.<\/span><\/p>\n<p>&nbsp;<\/p>\n<p><span style=\"font-size: 12pt;\">El guia va connectar molt b\u00e9 amb el grup i aquest tamb\u00e9 va quedar molt content de la sortida. Esperem gratament que la Universitat de G\u00f6teborg continu\u00ef visitant-nos com cada any. Des de les c\u00e0lides Terres de l\u2019 Ebre els hi enviem un gran pet\u00f3 i una molt forta abra\u00e7ada!<\/span><\/p>\n<p>&nbsp;<\/p>\n<p>ngg_shortcode_0_placeholder<span style=\"font-size: 12pt;\">&nbsp;<\/span><\/p>\n<p><span style=\"font-size: 12pt;\">Last December, our guide David accompanied a charming group of Geography students\u2019 from the University of Gothenburg (Sweden) to climb to the top of \u201cLa Foradada\u201d.<\/span><\/p>\n<p><span style=\"font-size: 12pt;\">&nbsp;<\/span><\/p>\n<p><span style=\"font-size: 12pt;\">&#8220;Between oaks and kermes&#8230;&#8221;<\/span><\/p>\n<p><span style=\"font-size: 12pt;\">&#8220;Between the shaded spot and sunny spot&#8230;&#8221;<\/span><\/p>\n<p><span style=\"font-size: 12pt;\">&#8220;The top of \u201cLa Foradada\u201d peak pointed us.&#8221;<\/span><\/p>\n<p><span style=\"font-size: 12pt;\">&nbsp;<\/span><\/p>\n<p><span style=\"font-size: 12pt;\">The tour offered a wealth of both natural and ethnographic value. They found a lime kiln, and a magnificent water spring (Burglar\u00b4s Source) and the ruins of the old farmhouse \u201cMata-Rodona\u201d.<\/span><\/p>\n<p><span style=\"font-size: 12pt;\">&nbsp;<\/span><\/p>\n<p><span style=\"font-size: 12pt;\">Finally, the group reached the top of \u201cLa Foradada\u201d. The view from there was excellent because from the top of the mountain they could see The Ulldecona\u2019s Castle even la \u201cPunta de la Banya\u201d as well as \u201cSerra de Godall\u201d, \u201cPorts de Tortosa-Beseit\u201d, \u201cSerra del Boix-card\u00f3\u201d, and spectacular views of the River Ebro and his huge Delta.<\/span><\/p>\n<p><span style=\"font-size: 12pt;\">&nbsp;<\/span><\/p>\n<p><span style=\"font-size: 12pt;\">The guide connected with the group very well and he was also very happy and proud with the itinerary done. We hope that the University of Gothenburg pleasantly continues visiting us every year. From the warm Terres de l&#8217;Ebre lands we send you lots of kisses and a very big hug!<\/span><\/p>","protected":false},"excerpt":{"rendered":"<p>El passat mes de Desembre, el nostre guia David va acompanyar a un encantador grup d\u2019estudiants de Geografia de la<\/p>","protected":false},"author":1,"featured_media":9926,"comment_status":"open","ping_status":"closed","sticky":false,"template":"","format":"standard","meta":{"_acf_changed":false,"inline_featured_image":false,"ngg_post_thumbnail":0,"footnotes":""},"categories":[97,98],"tags":[],"class_list":["post-13744","post","type-post","status-publish","format-standard","has-post-thumbnail","hentry","category-activitats","category-noticies"],"acf":[],"_links":{"self":[{"href":"https:\/\/nomadaviatges.com\/es\/wp-json\/wp\/v2\/posts\/13744","targetHints":{"allow":["GET"]}}],"collection":[{"href":"https:\/\/nomadaviatges.com\/es\/wp-json\/wp\/v2\/posts"}],"about":[{"href":"https:\/\/nomadaviatges.com\/es\/wp-json\/wp\/v2\/types\/post"}],"author":[{"embeddable":true,"href":"https:\/\/nomadaviatges.com\/es\/wp-json\/wp\/v2\/users\/1"}],"replies":[{"embeddable":true,"href":"https:\/\/nomadaviatges.com\/es\/wp-json\/wp\/v2\/comments?post=13744"}],"version-history":[{"count":0,"href":"https:\/\/nomadaviatges.com\/es\/wp-json\/wp\/v2\/posts\/13744\/revisions"}],"wp:featuredmedia":[{"embeddable":true,"href":"https:\/\/nomadaviatges.com\/es\/wp-json\/wp\/v2\/media\/9926"}],"wp:attachment":[{"href":"https:\/\/nomadaviatges.com\/es\/wp-json\/wp\/v2\/media?parent=13744"}],"wp:term":[{"taxonomy":"category","embeddable":true,"href":"https:\/\/nomadaviatges.com\/es\/wp-json\/wp\/v2\/categories?post=13744"},{"taxonomy":"post_tag","embeddable":true,"href":"https:\/\/nomadaviatges.com\/es\/wp-json\/wp\/v2\/tags?post=13744"}],"curies":[{"name":"wp","href":"https:\/\/api.w.org\/{rel}","templated":true}]}}