{"id":13940,"date":"2019-08-28T17:13:18","date_gmt":"2019-08-28T15:13:18","guid":{"rendered":"https:\/\/nomadaviatges.develmedia.es\/una-activitat-molt-especial-iv-budabike\/"},"modified":"2019-08-28T17:13:18","modified_gmt":"2019-08-28T15:13:18","slug":"una-activitat-molt-especial-iv-budabike","status":"publish","type":"post","link":"https:\/\/nomadaviatges.com\/es\/una-activitat-molt-especial-iv-budabike\/","title":{"rendered":"Una activitat molt especial: IV BUDA&#038;BIKE"},"content":{"rendered":"<p><span style=\"font-size: 13pt;\">Organitzat pel Patronat de Turisme de St Jaume d\u2019Enveja i el Parc Natural del Delta de l\u2019Ebre.<\/span><\/p>\n<p>&nbsp;<br \/>\n<span style=\"font-size: 13pt;\">Realitzat L\u2019Escola del Parc \/ N\u00f2mada Viatges. <\/span><\/p>\n<p>&nbsp;<\/p>\n<p><span style=\"font-size: 13pt;\">El passat cap de setmana dos grups de 30 participants van tenir el privilegi de poder visitar l\u2019Illa de Buda; partint des del Mirador de Migjorn vam endinsar-nos a l\u2019enigm\u00e0tica Illa, espai natural de gran inter\u00e8s biol\u00f2gic i cultural, considerada una de les joies del Parc Natural del Delta de l\u2019Ebre. Resseguint el riu Migjorn fins a la caseta de Sif\u00f3, pedalant al costat del cavalls de la Camarga i accedint a la Capella de St. Pere. <\/span><br \/>\n&nbsp;<\/p>\n<p><span style=\"font-size: 13pt;\">Abans d\u2019acabar el circu\u00eft en bici vam degustar un assortit de tapes t\u00edpiques del nostre Delta, baldana d\u2019arr\u00f2s, anguila fumada i un bon glop del porr\u00f3! Vam amenitzar el moment una bell\u00edssima cantada de Jota improvisada que va captivar a tots els participants.<\/span><br \/>\n&nbsp;<\/p>\n<p><span style=\"font-size: 13pt;\">Jornades molt agradables que ens encanta poder monitoritzar. Una oportunitat \u00fanica per valorar la import\u00e0ncia de la bona gesti\u00f3 i protecci\u00f3 d\u2019espais tant valuosos i fr\u00e0gils.<\/span><br \/>\n&nbsp;<\/p>\n<p><span style=\"font-size: 13pt;\">Agra\u00efm al PNDE la confian\u00e7a amb els nostre treball i dedicaci\u00f3; tamb\u00e9 a l\u2019Ajuntament de St. Jaume d\u2019Enveja per la bona predisposici\u00f3 i col\u00b7laboraci\u00f3 per aconseguir unes jornades perfectes. I per suposat a tots els participants pel seu entusiasme i el correcte comportament durant la visita d\u2019espai de tant alt valor.<\/span><\/p>\n<p><span style=\"font-size: 13pt;\">Moltes gr\u00e0cies a tothom!<\/span><\/p>\nngg_shortcode_0_placeholder","protected":false},"excerpt":{"rendered":"<p>Organitzat pel Patronat de Turisme de St Jaume d\u2019Enveja i el Parc Natural del Delta de l\u2019Ebre. &nbsp; Realitzat L\u2019Escola<\/p>","protected":false},"author":2,"featured_media":10109,"comment_status":"open","ping_status":"closed","sticky":false,"template":"","format":"standard","meta":{"_acf_changed":false,"inline_featured_image":false,"ngg_post_thumbnail":0,"footnotes":""},"categories":[97,120,98],"tags":[],"class_list":["post-13940","post","type-post","status-publish","format-standard","has-post-thumbnail","hentry","category-activitats","category-eco-turisme-activitats","category-noticies"],"acf":[],"_links":{"self":[{"href":"https:\/\/nomadaviatges.com\/es\/wp-json\/wp\/v2\/posts\/13940","targetHints":{"allow":["GET"]}}],"collection":[{"href":"https:\/\/nomadaviatges.com\/es\/wp-json\/wp\/v2\/posts"}],"about":[{"href":"https:\/\/nomadaviatges.com\/es\/wp-json\/wp\/v2\/types\/post"}],"author":[{"embeddable":true,"href":"https:\/\/nomadaviatges.com\/es\/wp-json\/wp\/v2\/users\/2"}],"replies":[{"embeddable":true,"href":"https:\/\/nomadaviatges.com\/es\/wp-json\/wp\/v2\/comments?post=13940"}],"version-history":[{"count":0,"href":"https:\/\/nomadaviatges.com\/es\/wp-json\/wp\/v2\/posts\/13940\/revisions"}],"wp:featuredmedia":[{"embeddable":true,"href":"https:\/\/nomadaviatges.com\/es\/wp-json\/wp\/v2\/media\/10109"}],"wp:attachment":[{"href":"https:\/\/nomadaviatges.com\/es\/wp-json\/wp\/v2\/media?parent=13940"}],"wp:term":[{"taxonomy":"category","embeddable":true,"href":"https:\/\/nomadaviatges.com\/es\/wp-json\/wp\/v2\/categories?post=13940"},{"taxonomy":"post_tag","embeddable":true,"href":"https:\/\/nomadaviatges.com\/es\/wp-json\/wp\/v2\/tags?post=13940"}],"curies":[{"name":"wp","href":"https:\/\/api.w.org\/{rel}","templated":true}]}}