{"id":14315,"date":"2021-01-13T15:27:16","date_gmt":"2021-01-13T14:27:16","guid":{"rendered":"https:\/\/nomadaviatges.develmedia.es\/el-parc-a-lescola-programa-educacio-ambiental-2020\/"},"modified":"2021-01-13T15:27:16","modified_gmt":"2021-01-13T14:27:16","slug":"el-parc-a-lescola-programa-educacio-ambiental-2020","status":"publish","type":"post","link":"https:\/\/nomadaviatges.com\/es\/el-parc-a-lescola-programa-educacio-ambiental-2020\/","title":{"rendered":"El Parc a l&#8217;Escola! Programa Educaci\u00f3 Ambiental 2020"},"content":{"rendered":"<p><span style=\"font-size: 14px;\">Des del passat mes de setembre hem estat elaborant el Programa d\u2019Educaci\u00f3 del PNDE 2020. Ara, despr\u00e8s d\u2019aquest dies de festes, fem valoraci\u00f3 de com hem afrontat una Campanya ben diferent a totes les que al llarg de molts anys havien executat.<br \/>\nUs contem!<\/span><br \/>\n&nbsp;<\/p>\n<p><span style=\"font-size: 14px;\">En comen\u00e7ar els curs escolar 2020\/2021 vam contactar amb les escoles enviant una carta de presentaci\u00f3 de les activitats: <\/span><br \/>\n&nbsp;<\/p>\n<p><span style=\"font-size: 14px; font-style: italic;\">&#8230;.Com ja sabeu, des de fa molts anys, el Parc Natural del Delta de l\u2019Ebre, a trav\u00e9s de la seva \u00c0rea d\u2019\u00das P\u00fablic i Educaci\u00f3 ambiental i, mitjan\u00e7ant L\u2019Escola del Parc SCCL, organitza amb la participaci\u00f3 dels centres educatius del Delta, el Programa Educatiu Local que integra les activitats m\u00e9s adients i interessants per als interessos dels alumnes, tot ajustant-les al curr\u00edculum escolar. Per tal de contribuir en la divulgaci\u00f3 de la realitat del seu medi, en la descoberta dels valors naturals i en la import\u00e0ncia sobre la gesti\u00f3 i conservaci\u00f3 que realitza el Parc Natural, aix\u00ed com implicar a la poblaci\u00f3 en general i molt espec\u00edficament al m\u00f3n escolar&#8230;.<\/span><br \/>\n&nbsp;<\/p>\n<p style=\"text-align: left;\"><span style=\"font-size: 14px;\">Eren moments molt complicats per tots els Equips Directius i Docents dels Centres, no era f\u00e0cil decidir ni tampoc programar; tenien una gran incertesa de com afrontar l\u2019organitzaci\u00f3 del grups, les classes, el pat\u00ed&#8230; tamb\u00e9 el constant canvi de normes segons avan\u00e7ava la pand\u00e8mia. va ser excel\u00b7lent per part de totes les escoles del Delta.<strong> I no ens cansarem de repetir, que tot i la complicada situaci\u00f3, la bona predisposici\u00f3 per part de les escoles per atendre les nostres propostes va ser excel\u00b7lent !!!!<\/strong><\/span><\/p>\n<p style=\"text-align: center;\">\n&nbsp;<br \/>\n<iframe src=\"https:\/\/www.youtube.com\/embed\/q2wgAbr2W7c\" width=\"700\" height=\"380\" frameborder=\"0\" allowfullscreen=\"allowfullscreen\"><\/iframe><\/p>\n<p>&nbsp;<\/p>\n<p><span style=\"font-size: 14px;\">Seguin les recomanacions des dels Departaments d\u2019Educaci\u00f3 i Sanitat de la Generalitat de Catalunya vam elaborar diferents documents per adoptar les mesures necess\u00e0ries com per exemple:<br \/>\n-ANNEX I<br \/>\nMESURES PLA DE CONTING\u00c8NCIA SARS-COV-2 L\u2019ESCOLA DEL PARC:<br \/>\n1.- XERRADES i TALLERS A LES AULES DELS CENTRES ESCOLARS<br \/>\n&#8211; ANNEX II<br \/>\nMESURES PLA DE CONTING\u00c8NCIA SARS-COV-2 L\u2019ESCOLA DEL PARC:<br \/>\n2.- SORTIDA AMB BICILETA A LA BADIA DEL FANGAR<br \/>\n-ANNEX III<br \/>\nMESURES PLA DE CONTING\u00c8NCIA SARS-COV-2 L\u2019ESCOLA DEL PARC:<br \/>\n3.- XERRADES\/TALLERS INSTAL\u00b7LACIONS EXTERNES AL CENTRE ESCOLAR (EQUIPAMENTS DEL PNDE):<br \/>\nFormulari justificatiu de la recepci\u00f3 de documentaci\u00f3 i d\u2019acreditaci\u00f3 del compliment de la normativa vigent sobre coordinaci\u00f3 d\u2019activitats empresarials relacionada amb la pand\u00e8mia per coronavirus SARS-CoV-2<br \/>\n&#8211; CARTA PROTOCOL DE SEGURETAT \u2013 COVID-19 PER A ACTIVITATS DUTES A TERME PER L\u2019ESCOLA DEL PARC<\/span><\/p>\n<p><span style=\"font-size: 14px;\">-Formulari justificatiu de la recepci\u00f3 de documentaci\u00f3 i d\u2019acreditaci\u00f3 del compliment de la normativa vigent sobre coordinaci\u00f3 d\u2019activitats empresarials relacionada amb la pand\u00e8mia per coronavirus SARS-CoV-2<\/span><\/p>\n<p><span style=\"font-size: 14px;\">Aquest curs ha estat molt m\u00e9s labori\u00f3s per portar a terme les activitats que ten\u00edem programades . Moltes d\u2019elles s\u2019han redissenyat i adaptat a les mesures de protocol del Coronavirus. Evitar compartir materials (jocs, objectes varis, prism\u00e0tics&#8230;) , la correcta desinfecci\u00f3 de tots els recursos utilitzats, respectar dist\u00e0ncies, mascaretes, conservar grups&#8230; etc. Per\u00f2, com sempre, ho hem fet amb molta il\u00b7lusi\u00f3!<\/span><\/p>\n<p><span style=\"font-size: 14px;\">Un cop organitzat un meticul\u00f3s calendari per organitzar de la millor forma possible l\u2019atenci\u00f3 dels grups respectant la r\u00e0tio, es van comen\u00e7ar les activitats als Centres escolars a partir de finals de setembre. Abans de les vacances de Nadal es va poder atendre totes les peticions que vam rebre per part de les escoles. Tot i la situaci\u00f3 hem fet arribar <a href=\"https:\/\/nomadaviatges.com\/wp-content\/uploads\/2021\/01\/parc-natural-delta-de-lebre-educacio-ambiental.pdf\" target=\"_blank\" rel=\"noopener noreferrer\">EL PARC A L\u2019ESCOLA! PROGRAMA EDUCACI\u00d3 AMBIENTAL 2020<\/a> a 16 Escoles de les poblacions del Delta on m\u00e9s de 3.000 alumnes i els seu professorat han gaudit de les xerrades, powers, fitxes, jocs, sortides, excursions i visites.<\/span><\/p>\n<p><span style=\"font-size: 14px;\">&#8230;no ens cansarem de repetir, que tot i la complicada situaci\u00f3, la bona predisposici\u00f3 per part de les escoles per atendre les nostres propostes va ser excel\u00b7lent !!!!<\/span><\/p>\n<p><span style=\"font-size: 14px;\">Volem agrair l\u2019esfor\u00e7 de tots el professores i professors i la seva col\u00b7laboraci\u00f3 que hem rebut en tot moment. I d\u00f3na les gr\u00e0cies i felicitar a tots els alumnes pel seu entusiasme i comportament exemplar. <\/span><\/p>\n<p><span style=\"font-size: 14px;\">Continuem treballant per l\u2019Educaci\u00f3 Ambiental, ja que \u00e9s la base del coneixement, estima i protecci\u00f3 del territori. <\/span><\/p>\n<p><span style=\"font-size: 14px;\"><br \/>\nL\u2019Escola del parc .<br \/>\nDeltebre. Gener 2020<\/span><\/p>","protected":false},"excerpt":{"rendered":"<p>Des del passat mes de setembre hem estat elaborant el Programa d\u2019Educaci\u00f3 del PNDE 2020. Ara, despr\u00e8s d\u2019aquest dies de<\/p>","protected":false},"author":2,"featured_media":14316,"comment_status":"open","ping_status":"closed","sticky":false,"template":"","format":"standard","meta":{"_acf_changed":false,"inline_featured_image":false,"ngg_post_thumbnail":0,"footnotes":""},"categories":[97,104,98],"tags":[],"class_list":["post-14315","post","type-post","status-publish","format-standard","has-post-thumbnail","hentry","category-activitats","category-escolars-activitats","category-noticies"],"acf":[],"_links":{"self":[{"href":"https:\/\/nomadaviatges.com\/es\/wp-json\/wp\/v2\/posts\/14315","targetHints":{"allow":["GET"]}}],"collection":[{"href":"https:\/\/nomadaviatges.com\/es\/wp-json\/wp\/v2\/posts"}],"about":[{"href":"https:\/\/nomadaviatges.com\/es\/wp-json\/wp\/v2\/types\/post"}],"author":[{"embeddable":true,"href":"https:\/\/nomadaviatges.com\/es\/wp-json\/wp\/v2\/users\/2"}],"replies":[{"embeddable":true,"href":"https:\/\/nomadaviatges.com\/es\/wp-json\/wp\/v2\/comments?post=14315"}],"version-history":[{"count":0,"href":"https:\/\/nomadaviatges.com\/es\/wp-json\/wp\/v2\/posts\/14315\/revisions"}],"wp:featuredmedia":[{"embeddable":true,"href":"https:\/\/nomadaviatges.com\/es\/wp-json\/wp\/v2\/media\/14316"}],"wp:attachment":[{"href":"https:\/\/nomadaviatges.com\/es\/wp-json\/wp\/v2\/media?parent=14315"}],"wp:term":[{"taxonomy":"category","embeddable":true,"href":"https:\/\/nomadaviatges.com\/es\/wp-json\/wp\/v2\/categories?post=14315"},{"taxonomy":"post_tag","embeddable":true,"href":"https:\/\/nomadaviatges.com\/es\/wp-json\/wp\/v2\/tags?post=14315"}],"curies":[{"name":"wp","href":"https:\/\/api.w.org\/{rel}","templated":true}]}}